{"id":839,"date":"2020-11-22T17:23:52","date_gmt":"2020-11-22T16:23:52","guid":{"rendered":"http:\/\/cooknvibe.com\/?p=839"},"modified":"2021-01-24T18:07:21","modified_gmt":"2021-01-24T17:07:21","slug":"puree-de-panais-x-crevettes-sautees","status":"publish","type":"post","link":"https:\/\/cooknvibe.com\/index.php\/2020\/11\/22\/puree-de-panais-x-crevettes-sautees\/","title":{"rendered":"Pur\u00e9e de panais x crevettes saut\u00e9es"},"content":{"rendered":"\n<p class=\"has-drop-cap\">A l&rsquo;aspect d&rsquo;une carotte tr\u00e8s p\u00e2lotte, le panais n&rsquo;est pas tellement un l\u00e9gume racine vers lequel on se dirige naturellement. M\u00eame si ce l\u00e9gume oubli\u00e9 a \u00e9t\u00e9 r\u00e9introduit il y a quelques ann\u00e9es dans nos assiettes par les chefs il n&rsquo;est pas vraiment familier. <\/p>\n\n\n\n<p>Aujourd&rsquo;hui je vous propose une recette qui mettra en valeur ses nombreux avantages comme le fait qu&rsquo;il soit un excellent alli\u00e9 di\u00e9t\u00e9tique en rempla\u00e7ant la classique et lourde pomme de terre pour r\u00e9aliser une pur\u00e9e mais aussi le c\u00f4t\u00e9 sucr\u00e9-sal\u00e9 subtile qu&rsquo;am\u00e8ne cet aliment au plat et les notes de noix qui rappelleront la muscade pr\u00e9sente dans la pur\u00e9e.<\/p>\n\n\n\n<p>Le panais se combine tr\u00e8s bien aux produits de la mer, sp\u00e9cialement en pur\u00e9e, j&rsquo;ai donc choisi des crevettes saut\u00e9es pour la compl\u00e9mentarit\u00e9.<\/p>\n\n\n\n<p><\/p><p><\/p><p><\/p><p><\/p><p><\/p><p><\/p><p><\/p>\n","protected":false},"excerpt":{"rendered":"<p>A l&rsquo;aspect d&rsquo;une carotte tr\u00e8s p\u00e2lotte, le panais n&rsquo;est pas tellement un l\u00e9gume racine vers lequel on se dirige naturellement. M\u00eame si ce l\u00e9gume oubli\u00e9&#8230; <\/p>\n<p class=\"more\"><a class=\"more-link\" href=\"https:\/\/cooknvibe.com\/index.php\/recipes\/puree-de-panais-x-crevettes-sautees\/\">Lire la suite<\/a><\/p>\n","protected":false},"author":1,"featured_media":852,"comment_status":"open","ping_status":"open","sticky":false,"template":"","format":"standard","meta":{"footnotes":""},"categories":[89],"tags":[108,196],"class_list":["post-839","post","type-post","status-publish","format-standard","has-post-thumbnail","hentry","category-plat-principal","tag-crevettes","tag-panais"],"_links":{"self":[{"href":"https:\/\/cooknvibe.com\/index.php\/wp-json\/wp\/v2\/posts\/839","targetHints":{"allow":["GET"]}}],"collection":[{"href":"https:\/\/cooknvibe.com\/index.php\/wp-json\/wp\/v2\/posts"}],"about":[{"href":"https:\/\/cooknvibe.com\/index.php\/wp-json\/wp\/v2\/types\/post"}],"author":[{"embeddable":true,"href":"https:\/\/cooknvibe.com\/index.php\/wp-json\/wp\/v2\/users\/1"}],"replies":[{"embeddable":true,"href":"https:\/\/cooknvibe.com\/index.php\/wp-json\/wp\/v2\/comments?post=839"}],"version-history":[{"count":3,"href":"https:\/\/cooknvibe.com\/index.php\/wp-json\/wp\/v2\/posts\/839\/revisions"}],"predecessor-version":[{"id":860,"href":"https:\/\/cooknvibe.com\/index.php\/wp-json\/wp\/v2\/posts\/839\/revisions\/860"}],"wp:featuredmedia":[{"embeddable":true,"href":"https:\/\/cooknvibe.com\/index.php\/wp-json\/wp\/v2\/media\/852"}],"wp:attachment":[{"href":"https:\/\/cooknvibe.com\/index.php\/wp-json\/wp\/v2\/media?parent=839"}],"wp:term":[{"taxonomy":"category","embeddable":true,"href":"https:\/\/cooknvibe.com\/index.php\/wp-json\/wp\/v2\/categories?post=839"},{"taxonomy":"post_tag","embeddable":true,"href":"https:\/\/cooknvibe.com\/index.php\/wp-json\/wp\/v2\/tags?post=839"}],"curies":[{"name":"wp","href":"https:\/\/api.w.org\/{rel}","templated":true}]}}